{"id":1628,"date":"2024-01-08T12:43:21","date_gmt":"2024-01-08T11:43:21","guid":{"rendered":"https:\/\/pupin.si\/blog\/?p=1628"},"modified":"2024-01-08T12:43:24","modified_gmt":"2024-01-08T11:43:24","slug":"kros-oko-bledskog-jezera-povodom-169-godina-od-rodjenja-mihajla-pupina","status":"publish","type":"post","link":"https:\/\/pupin.si\/blog\/2024\/01\/08\/kros-oko-bledskog-jezera-povodom-169-godina-od-rodjenja-mihajla-pupina\/","title":{"rendered":"Kros oko Bledskog jezera, povodom 169 godina od ro\u0111enja Mihajla Pupina"},"content":{"rendered":"\n<p class=\"has-medium-font-size wp-block-paragraph\"><strong>Tr\u010de\u0107i oko Bledskog jezera, imala sam dosta vremena da razmi\u0161ljam o svom domino efektu, odnosno putu od Novog Sada do Ljubljane, preko Mileve Mari\u0107 do Mihajla Pupina<\/strong><\/p>\n\n\n\n<p class=\"wp-block-paragraph\">Nakon zavr\u0161enih osnovnih studija u Novom Sadu, oti\u0161la sam na master studije na Elektrotehni\u010dki fakultet u Ljubljanu 2019. godine. Kako je pandemija korona virusa po\u010dela 2020. godine, poja\u010dala je u meni ose\u0107aj samo\u0107e i nostalgije ka mom rodnom Novom Sadu. Ose\u0107ala sam se usamljeno, pomalo izgubljeno i veoma udaljeno od svih stvari i ljudi koji mi zna\u010de. Krenula sam tada da razmi\u0161ljam o \u017eivotima znamenitih Srba koji su, davno pre mene, doneli sli\u010dnu odluku da odu u tu\u0111inu, u nepoznato.<\/p>\n\n\n\n<p class=\"wp-block-paragraph\">Oti\u0161la sam do Centralne tehni\u010dke biblioteke po knjigu o Milevi Mari\u0107 Ajn\u0161tajn, mojoj sugra\u0111anki. Autor knjige je \u0110or\u0111e Krsti\u0107, Novosa\u0111anin koji se odlu\u010dio da do\u0111e u Ljubljanu 1954. godine, na studije tehni\u010dke fizike. Od ranih dana se zanimao za \u017eivot i delo Mileve Mari\u0107, pa je razgovarao sa ljudima u Novom Sadu koji su je poznavali, sakupljao dokumente, fotografije, pisma, intervjuisao njenog starijeg sina Hansa Alberta\u2026<\/p>\n\n\n\n<p class=\"wp-block-paragraph\">Ljubav prema fizici i matematici, odrastanje u Novom Sadu i studiranje u inostranstvu na fakultetu gde su \u017eene manjina, \u010dine da lak\u0161e razumem Milevin \u017eivot kao i da dobijem inspiraciju i motivaciju od jednog takvog velikana. Mileva je studirala na drugom jeziku te mi je bilo izazovno, ujedno i zanimljivo iskustvo, da \u010ditam o njoj na slovena\u010dkom jeziku.<\/p>\n\n\n\n<p class=\"wp-block-paragraph\">Zanimljiv splet okolnosti desio se ve\u0107 dok sam \u010ditala po\u010detne stranice knjige, gde sam nai\u0161la na fusnotu sa informacijom da je Mihajlo Pupin ro\u0111en u Idvoru, na samo 20 km isto\u010dno od Milevinog rodnog Titela. U \u017eelji da dobijem \u0161to bolji ose\u0107aj kako su se stvari hronolo\u0161ki odvijale, informacija kada je ro\u0111en Mihajlo Pupin pomogla mi je da vidim jesu li njih dvoje bili savremenici. Videla sam da je Mileva bila 21 godinu mla\u0111a od Pupina. Pisalo je i da je Pupin ro\u0111en devetog oktobra 1854. godine \u0161to me veoma iznenadilo, jer je sutradan bio deveti oktobar 2021. godine. To je ujedno bila i 100 godi\u0161njica, otkako je postao po\u010dasni gra\u0111anin Bleda. To saznanje me je navelo da zatvorim sve knjige i otvorene stranice na kompjuteru i da rezervi\u0161em autobusku kartu za Bled. Sutradan ujutru sam oti\u0161la do Pupinovog spomenika na Bledu, gde sam ostavila buket poljskog cve\u0107a, koje sam usput nabrala, kao simbol po\u0161tovanja jo\u0161 jednog na\u0161eg velikana.<\/p>\n\n\n\n<p class=\"wp-block-paragraph\">Imala sam \u017eelju da istra\u017eim postoji li neko srpsko dru\u0161tvo u Ljubljani, kako bismo u budu\u0107nosti obele\u017eavali razli\u010dite doga\u0111aje u \u010dast ljudi koji su ostavili neizbrisiv trag u na\u0161oj istoriji. Preko Fejzbuka sam\u00a0 na\u0161la \u00a0Srpski kulturni centar ,,Mihajlo Pupin\u201c iz Ljubljane koji ima i biblioteku sa oko 17 000 knjiga. Odgovor koji sam dobila od njih i dalje pamtim, jer su mi te re\u010di inspiracija u tmurnim danima.<\/p>\n\n\n\n<p class=\"wp-block-paragraph\"><em>,,Kada ljudi ne\u0161to \u017eele, onda tra\u017ee put, kada ne\u0161to ne\u0107e onda na\u0111u izgovor. Pozovite nas i poku\u0161a\u0107emo na\u0107i put. Ideja je odli\u010dna.\u201c<\/em><\/p>\n\n\n\n<p class=\"wp-block-paragraph\">Ideja je krunisana Mini krosom na Bledu, dve godine zaredom, te bih se zahvalila svim prijateljima i poznanicima, a posebno deci i njihovim divnim u\u010diteljicama, koje su zaslu\u017ene za kvalitetan program na samim doga\u0111ajima 2022. i 2023. godine posve\u0107ene obele\u017eavanju Pupinovog 168-og, i 169-og ro\u0111endana. Zahvalna sam i \u0110or\u0111u Krsti\u0107u i Milevi Mari\u0107 Ajn\u0161tajn jer su i oni pomogli da se ne ose\u0107am usamljeno, povezav\u0161i me sa na\u0161im ljudima u inostranstvu.<\/p>\n\n\n\n<div style=\"height:25px\" aria-hidden=\"true\" class=\"wp-block-spacer\"><\/div>\n\n\n\n<div class=\"wp-block-columns is-layout-flex wp-container-core-columns-is-layout-8f761849 wp-block-columns-is-layout-flex\">\n<div class=\"wp-block-column is-layout-flow wp-block-column-is-layout-flow\">\n<figure class=\"wp-block-image size-large\"><img loading=\"lazy\" decoding=\"async\" width=\"964\" height=\"1024\" src=\"https:\/\/pupin.si\/blog\/wp-content\/uploads\/2024\/01\/Kros-na-bledu-2023-sl02-964x1024.jpg\" alt=\"\" class=\"wp-image-1630\" srcset=\"https:\/\/pupin.si\/blog\/wp-content\/uploads\/2024\/01\/Kros-na-bledu-2023-sl02-964x1024.jpg 964w, https:\/\/pupin.si\/blog\/wp-content\/uploads\/2024\/01\/Kros-na-bledu-2023-sl02-282x300.jpg 282w, https:\/\/pupin.si\/blog\/wp-content\/uploads\/2024\/01\/Kros-na-bledu-2023-sl02-768x816.jpg 768w, https:\/\/pupin.si\/blog\/wp-content\/uploads\/2024\/01\/Kros-na-bledu-2023-sl02.jpg 1000w\" sizes=\"auto, (max-width: 964px) 100vw, 964px\" \/><\/figure>\n<\/div>\n\n\n\n<div class=\"wp-block-column is-layout-flow wp-block-column-is-layout-flow\">\n<figure class=\"wp-block-image size-large\"><img loading=\"lazy\" decoding=\"async\" width=\"964\" height=\"1024\" src=\"https:\/\/pupin.si\/blog\/wp-content\/uploads\/2024\/01\/Kros-na-bledu-2023-sl03-964x1024.jpg\" alt=\"\" class=\"wp-image-1631\" srcset=\"https:\/\/pupin.si\/blog\/wp-content\/uploads\/2024\/01\/Kros-na-bledu-2023-sl03-964x1024.jpg 964w, https:\/\/pupin.si\/blog\/wp-content\/uploads\/2024\/01\/Kros-na-bledu-2023-sl03-282x300.jpg 282w, https:\/\/pupin.si\/blog\/wp-content\/uploads\/2024\/01\/Kros-na-bledu-2023-sl03-768x816.jpg 768w, https:\/\/pupin.si\/blog\/wp-content\/uploads\/2024\/01\/Kros-na-bledu-2023-sl03.jpg 1000w\" sizes=\"auto, (max-width: 964px) 100vw, 964px\" \/><\/figure>\n<\/div>\n<\/div>\n\n\n\n<p class=\"wp-block-paragraph\">Kros na Bledu zapo\u010deo je kulturnim programom koji su vodila deca, recituju\u0107i pesme, glume\u0107i u mini predstavama i \u010ditaju\u0107i delove Pupinove knjige ,,Sa pa\u0161njaka do nau\u010denjaka\u201c. Posebno mi je u se\u0107anju ostala pesma o Pupinu koju je napisao u\u010denik sedmog razreda.<\/p>\n\n\n\n<p class=\"wp-block-paragraph\">Nakon svih tih lepih re\u010di koje su deca izgovorila, ove 2023. godine, po\u010dela je trka oko Bledskog jezera, duga oko 6 km. Dok su jedni u\u017eivali u miru i \u0161etnji, takmi\u010darski nastrojeni u\u010desnici (deca, a i odrasli), tr\u010dali su\u00a0 oko jezera. Najbr\u017ei su osvojili medalje dok su oni malo manje brzi ku\u0107i poneli zahvalnice.<\/p>\n\n\n\n<div style=\"height:25px\" aria-hidden=\"true\" class=\"wp-block-spacer\"><\/div>\n\n\n\n<div class=\"wp-block-columns is-layout-flex wp-container-core-columns-is-layout-8f761849 wp-block-columns-is-layout-flex\">\n<div class=\"wp-block-column is-layout-flow wp-block-column-is-layout-flow\">\n<figure class=\"wp-block-image size-large\"><img loading=\"lazy\" decoding=\"async\" width=\"1024\" height=\"576\" src=\"https:\/\/pupin.si\/blog\/wp-content\/uploads\/2024\/01\/Kros-na-bledu-2023-sl04-1-1024x576.jpg\" alt=\"\" class=\"wp-image-1634\" srcset=\"https:\/\/pupin.si\/blog\/wp-content\/uploads\/2024\/01\/Kros-na-bledu-2023-sl04-1-1024x576.jpg 1024w, https:\/\/pupin.si\/blog\/wp-content\/uploads\/2024\/01\/Kros-na-bledu-2023-sl04-1-300x169.jpg 300w, https:\/\/pupin.si\/blog\/wp-content\/uploads\/2024\/01\/Kros-na-bledu-2023-sl04-1-768x432.jpg 768w, https:\/\/pupin.si\/blog\/wp-content\/uploads\/2024\/01\/Kros-na-bledu-2023-sl04-1.jpg 1500w\" sizes=\"auto, (max-width: 1024px) 100vw, 1024px\" \/><\/figure>\n<\/div>\n<\/div>\n\n\n\n<p class=\"wp-block-paragraph\">Krsti\u0107eva knjiga, ne samo da me je nau\u010dila o Milevi i vremenu u kom je ona \u017eivela, u\u010dinila je\u00a0 da se ne\u00a0 ose\u0107am usamljeno i da stvaram i delim lepe trenutke sa divnom decom i odraslima.<\/p>\n\n\n\n<p class=\"wp-block-paragraph\">Nadam se da se dogodine vidimo, u jo\u0161 ve\u0107em broju, kako bismo proslavili 170 godina od Pupinovog ro\u0111enja i pokrenuli nove ideje koje \u0107e, verujem, dovesti do jo\u0161 zanimljivih doga\u0111aja i novih poznanstava.<\/p>\n\n\n\n<hr class=\"wp-block-separator has-alpha-channel-opacity\"\/>\n\n\n\n<p class=\"has-text-align-center wp-block-paragraph\"><em><strong>Jelena Prodanovi\u0107<\/strong><\/em><\/p>\n\n\n\n<div style=\"height:100px\" aria-hidden=\"true\" class=\"wp-block-spacer\"><\/div>\n","protected":false},"excerpt":{"rendered":"<p>Tr\u010de\u0107i oko Bledskog jezera, imala sam dosta vremena da razmi\u0161ljam o svom domino efektu, odnosno putu od Novog Sada do Ljubljane, preko Mileve Mari\u0107 do Mihajla Pupina<\/p>\n","protected":false},"author":6,"featured_media":1638,"comment_status":"closed","ping_status":"open","sticky":false,"template":"","format":"standard","meta":{"footnotes":""},"categories":[1],"tags":[],"class_list":["post-1628","post","type-post","status-publish","format-standard","has-post-thumbnail","hentry","category-saopstenja"],"_links":{"self":[{"href":"https:\/\/pupin.si\/blog\/wp-json\/wp\/v2\/posts\/1628","targetHints":{"allow":["GET"]}}],"collection":[{"href":"https:\/\/pupin.si\/blog\/wp-json\/wp\/v2\/posts"}],"about":[{"href":"https:\/\/pupin.si\/blog\/wp-json\/wp\/v2\/types\/post"}],"author":[{"embeddable":true,"href":"https:\/\/pupin.si\/blog\/wp-json\/wp\/v2\/users\/6"}],"replies":[{"embeddable":true,"href":"https:\/\/pupin.si\/blog\/wp-json\/wp\/v2\/comments?post=1628"}],"version-history":[{"count":6,"href":"https:\/\/pupin.si\/blog\/wp-json\/wp\/v2\/posts\/1628\/revisions"}],"predecessor-version":[{"id":1639,"href":"https:\/\/pupin.si\/blog\/wp-json\/wp\/v2\/posts\/1628\/revisions\/1639"}],"wp:featuredmedia":[{"embeddable":true,"href":"https:\/\/pupin.si\/blog\/wp-json\/wp\/v2\/media\/1638"}],"wp:attachment":[{"href":"https:\/\/pupin.si\/blog\/wp-json\/wp\/v2\/media?parent=1628"}],"wp:term":[{"taxonomy":"category","embeddable":true,"href":"https:\/\/pupin.si\/blog\/wp-json\/wp\/v2\/categories?post=1628"},{"taxonomy":"post_tag","embeddable":true,"href":"https:\/\/pupin.si\/blog\/wp-json\/wp\/v2\/tags?post=1628"}],"curies":[{"name":"wp","href":"https:\/\/api.w.org\/{rel}","templated":true}]}}